{"id":112150,"date":"2025-10-11T16:57:49","date_gmt":"2025-10-11T14:57:49","guid":{"rendered":"https:\/\/ukrainaff.com\/%d1%80%d0%be%d0%b7%d0%bf%d0%be%d1%87%d0%b0%d0%b2%d1%81%d1%8f-%d0%bf%d1%80%d0%be%d0%b4%d0%b0%d0%b6-%d0%ba%d0%b2%d0%b8%d1%82%d0%ba%d1%96%d0%b2-%d1%96-%d0%b0%d0%b1%d0%be%d0%bd%d0%b5%d0%bc%d0%b5%d0%bd\/"},"modified":"2025-10-24T00:10:38","modified_gmt":"2025-10-23T22:10:38","slug":"%d1%80%d0%be%d0%b7%d0%bf%d0%be%d1%87%d0%b0%d0%b2%d1%81%d1%8f-%d0%bf%d1%80%d0%be%d0%b4%d0%b0%d0%b6-%d0%ba%d0%b2%d0%b8%d1%82%d0%ba%d1%96%d0%b2-%d1%96-%d0%b0%d0%b1%d0%be%d0%bd%d0%b5%d0%bc%d0%b5%d0%bd","status":"publish","type":"post","link":"https:\/\/ukrainaff.com\/uk\/%d1%80%d0%be%d0%b7%d0%bf%d0%be%d1%87%d0%b0%d0%b2%d1%81%d1%8f-%d0%bf%d1%80%d0%be%d0%b4%d0%b0%d0%b6-%d0%ba%d0%b2%d0%b8%d1%82%d0%ba%d1%96%d0%b2-%d1%96-%d0%b0%d0%b1%d0%be%d0%bd%d0%b5%d0%bc%d0%b5%d0%bd\/","title":{"rendered":"\u0420\u043e\u0437\u043f\u043e\u0447\u0430\u0432\u0441\u044f \u043f\u0440\u043e\u0434\u0430\u0436 \u043a\u0432\u0438\u0442\u043a\u0456\u0432 \u0456 \u0430\u0431\u043e\u043d\u0435\u043c\u0435\u043d\u0442\u0456\u0432 10. \u0423\u043a\u0440\u0430\u0457\u043d\u0430! 9. Festiwal Filmowy &#8211; \u0446\u0435 \u0443\u043d\u0456\u043a\u0430\u043b\u044c\u043d\u0430 \u043c\u043e\u0436\u043b\u0438\u0432\u0456\u0441\u0442\u044c \u043f\u043e\u0437\u043d\u0430\u0439\u043e\u043c\u0438\u0442\u0438\u0441\u044f \u0456 \u0437\u0440\u043e\u0437\u0443\u043c\u0456\u0442\u0438 \u0441\u0443\u0447\u0430\u0441\u043d\u0435 \u0443\u043a\u0440\u0430\u0457\u043d\u0441\u044c\u043a\u0435 \u043a\u0456\u043d\u043e \u0456 \u043a\u0443\u043b\u044c\u0442\u0443\u0440\u0443, \u044f\u043a\u0456, \u043f\u043e\u043f\u0440\u0438 \u0432\u0435\u043b\u0438\u0447\u0435\u0437\u043d\u0456 \u0442\u0440\u0443\u0434\u043d\u043e\u0449\u0456, \u043f\u0440\u043e\u0434\u043e\u0432\u0436\u0443\u044e\u0442\u044c \u043f\u0440\u043e\u0446\u0432\u0456\u0442\u0430\u0442\u0438, \u041a\u0456\u043d\u043e\u0444\u0435\u0441\u0442\u0438\u0432\u0430\u043b\u044c 3\u201310 \u043b\u0438\u0441\u0442\u043e\u043f\u0430\u0434\u0430 2025"},"content":{"rendered":"<p>[et_pb_section fb_built=&#8221;1&#8243; admin_label=&#8221;section&#8221; _builder_version=&#8221;4.16&#8243; global_colors_info=&#8221;{}&#8221;][et_pb_row admin_label=&#8221;\u043a\u0430\u043d\u0430\u0432\u0430&#8221; _builder_version=&#8221;4.16&#8243; background_size=&#8221;initial&#8221; background_position=&#8221;top_left&#8221; background_repeat=&#8221;repeat&#8221; global_colors_info=&#8221;{}&#8221;][et_pb_column type=&#8221;4_4&#8243; _builder_version=&#8221;4.16&#8243; custom_padding=&#8221;|||&#8221; global_colors_info=&#8221;{}&#8221; custom_padding__hover=&#8221;|||&#8221;][et_pb_text _builder_version=&#8221;4.27.4&#8243; _module_preset=&#8221;default&#8221; text_font=&#8221;&#8211;et_global_body_font||||||||&#8221; text_text_color=&#8221;#000000&#8243; header_font=&#8221;&#8211;et_global_heading_font||||||||&#8221; header_text_color=&#8221;#000000&#8243; header_2_font=&#8221;&#8211;et_global_heading_font||||||||&#8221; header_2_text_color=&#8221;#000000&#8243; header_3_font=&#8221;&#8211;et_global_heading_font||||||||&#8221; header_3_text_color=&#8221;#000000&#8243; header_4_font=&#8221;&#8211;et_global_heading_font||||||||&#8221; header_4_text_color=&#8221;#000000&#8243; header_5_font=&#8221;&#8211;et_global_heading_font||||||||&#8221; header_5_text_color=&#8221;#000000&#8243; header_6_font=&#8221;&#8211;et_global_heading_font||||||||&#8221; header_6_text_color=&#8221;#000000&#8243; background_layout=&#8221;dark&#8221; hover_enabled=&#8221;0&#8243; global_colors_info=&#8221;{}&#8221; sticky_enabled=&#8221;0&#8243;]<\/p>\n<div class=\"xdj266r x11i5rnm xat24cr x1mh8g0r x1vvkbs x126k92a\">\n<div dir=\"auto\">\n<div class=\"xdj266r x11i5rnm xat24cr x1mh8g0r x1vvkbs x126k92a\">\n<p style=\"text-align: center;\"><strong>Ruszy\u0142a sprzeda\u017c bilet\u00f3w i karnet\u00f3w<\/strong><br \/><strong>10. Ukraina! Festiwal Filmowy<\/strong><br \/><strong>3\u201310 listopada 2025<\/strong><br \/>Warszawa \u2013 Kinoteka PKiN, Kino Atlantic, Kino Iluzjon, Centrum Kultury Filmowej im. Andrzeja Wajdy<\/p>\n<p>\u015awi\u0119tuj z nami <strong>jubileuszow\u0105 edycj\u0119 jedynego<\/strong> w Polsce festiwalu po\u015bwi\u0119conego w ca\u0142o\u015bci kinematografii ukrai\u0144skiej!<\/p>\n<p>W tym roku poka\u017cemy prawie 60 film\u00f3w \u2013 fabularnych, dokumentalnych, animowanych i kr\u00f3tkometra\u017cowych.<br \/>W programie: spotkania z tw\u00f3rcami, debaty, warsztaty, wystawy i pokaz z muzyk\u0105 na \u017cywo\u00a0<strong>The Tiger Lillies.<\/strong><\/p>\n<p><strong><span style=\"font-family: arial, sans-serif;\">Kup bilety i karnety:<\/span><\/strong><\/p>\n<ul>\n<li><a href=\"https:\/\/kinoteka.pl\/repertuar\/\" target=\"_blank\" rel=\"noopener noreferrer\" data-saferedirecturl=\"https:\/\/www.google.com\/url?q=https:\/\/kinoteka.pl\/repertuar\/&amp;source=gmail&amp;ust=1760280860192000&amp;usg=AOvVaw39JYADDJvqPyDqF75lFwJQ\"><span style=\"font-family: arial, sans-serif;\">Bilety \u2013 Kinoteka<\/span><\/a><\/li>\n<li><a href=\"https:\/\/www.novekino.pl\/kina\/atlantic\/repertuar.php#1\" target=\"_blank\" rel=\"noopener noreferrer\" data-saferedirecturl=\"https:\/\/www.google.com\/url?q=https:\/\/www.novekino.pl\/kina\/atlantic\/repertuar.php%231&amp;source=gmail&amp;ust=1760280860192000&amp;usg=AOvVaw3VDV5hJ-qsC1y9KabEAM8d\"><span style=\"font-family: arial, sans-serif;\">Bilety \u2013 Kino Atlantic<\/span><\/a><\/li>\n<li><a href=\"https:\/\/kinoteka.pl\/film\/karnet-uff\/\" target=\"_blank\" rel=\"noopener noreferrer\" data-saferedirecturl=\"https:\/\/www.google.com\/url?q=https:\/\/kinoteka.pl\/film\/karnet-uff\/&amp;source=gmail&amp;ust=1760280860192000&amp;usg=AOvVaw2dSKVA0Lj3Vpg1dqyv62qt\"><span style=\"font-family: arial, sans-serif;\">Karnety festiwalowe<\/span><\/a><\/li>\n<li><a href=\"https:\/\/bilety.iluzjon.fn.org.pl\/MSI\/mvc?sort=Flow&amp;date=2025-11-09&amp;dateStart=0\" target=\"_blank\" rel=\"noopener noreferrer\" data-saferedirecturl=\"https:\/\/www.google.com\/url?q=https:\/\/bilety.iluzjon.fn.org.pl\/MSI\/OrderTickets.aspx?event_id%3D20592%26typetran%3D0&amp;source=gmail&amp;ust=1760280860192000&amp;usg=AOvVaw3oi0RdjjHiKk7XorEW76oh\"><span style=\"font-family: arial, sans-serif;\">Gala zamkni\u0119cia \u2013\u00a0<em>Jag\u00f3dka mi\u0142o\u015bci<\/em>\u00a0z muzyk\u0105 The Tiger Lillies<\/span><\/a><\/li>\n<li><a href=\"https:\/\/goingapp.pl\/wydarzenie\/ukraina-festiwal-filmowy-2\/warszawa-listopad-2025?queryID=5cd25e7843650a76687c121eaf609fa2\" target=\"_blank\" rel=\"noopener noreferrer\" data-saferedirecturl=\"https:\/\/www.google.com\/url?q=https:\/\/goingapp.pl\/...\/warszawa-listopad-2025\/zakup...&amp;source=gmail&amp;ust=1760280860192000&amp;usg=AOvVaw2sFzWep9LrQYCjYf93eKRw\"><span style=\"font-family: arial, sans-serif;\">Sprzeda\u017c Karnet\u00f3w\u00a0przez Going.<\/span><\/a><\/li>\n<\/ul>\n<h3><strong><span style=\"font-family: arial, sans-serif; font-size: small;\">Cennik bilet\u00f3w:<\/span><\/strong><\/h3>\n<p><span style=\"font-family: arial, sans-serif;\"><strong>Pokazy filmowe:<\/strong><br \/>Poniedzia\u0142ek \u2013 Czwartek:\u00a0<strong>17 z\u0142 ulgowy | 21 z\u0142 normalny<\/strong><br \/>Pi\u0105tek \u2013 Niedziela:\u00a0<strong>20 z\u0142 ulgowy | 25 z\u0142 normalny<\/strong><br \/>Bilet grupowy (min. 10 os\u00f3b):\u00a0<strong>14 z\u0142\/os.<\/strong><\/span><\/p>\n<p><span style=\"font-family: arial, sans-serif;\"><strong>UFF! dla dzieci:<\/strong>\u00a0wst\u0119p wolny<br \/><strong>Debaty, spotkania, wystawy:<\/strong>\u00a0wst\u0119p wolny<\/span><\/p>\n<p><span style=\"font-family: arial, sans-serif;\"><strong>Gala Otwarcia:<\/strong>\u00a050 z\u0142<br \/><strong>Gala Zamkni\u0119cia:<\/strong> 100 z\u0142<br \/><\/span><\/p>\n<h3><strong><span style=\"font-family: arial, sans-serif; font-size: small;\">Karnety festiwalowe<\/span><\/strong><\/h3>\n<p><span style=\"font-family: arial, sans-serif;\">5 film\u00f3w (bez Gali Otwarcia i Zamkni\u0119cia):\u00a0<strong>95 z\u0142<\/strong><br \/>10 film\u00f3w (bez Gal):\u00a0<strong>155 z\u0142<\/strong><br \/>Wszystkie seanse festiwalu (w tym Gale):\u00a0<strong>295 z\u0142<\/strong><\/span><\/p>\n<h6><em><span style=\"font-family: arial, sans-serif;\">Ceny obowi\u0105zuj\u0105 w Kinotece, Atlanticu i Iluzjonie. Szczeg\u00f3\u0142y oraz regulamin sprzeda\u017cy dost\u0119pne s\u0105 na stronie\u00a0<a href=\"https:\/\/www.ukrainaff.com\/\" target=\"_blank\" rel=\"noopener noreferrer\" data-saferedirecturl=\"https:\/\/www.google.com\/url?q=https:\/\/www.ukrainaff.com&amp;source=gmail&amp;ust=1760280860192000&amp;usg=AOvVaw3GsPgeDDagNPVn6arBNDzi\">www.ukrainaff.com<\/a>.<\/span><\/em><\/h6>\n<p><strong><span style=\"font-family: arial, sans-serif;\">W programie jubileuszowej edycji:<\/span><\/strong><\/p>\n<p><span style=\"font-family: arial, sans-serif;\"><strong>Konkurs fabularny<\/strong>\u00a0(9 film\u00f3w)\u2013 m.in.\u00a0<em>Miesi\u0105c miodowy<\/em>\u00a0(Zhanna Ozirna),\u00a0<em>Bucza<\/em>\u00a0(Stanislav Tiunov),\u00a0<em>Cz\u0142owiek wieczno\u015bci<\/em>\u00a0(Ivan Nikolaichuk),\u00a0<em>M\u00f3j karpacki dziadek<\/em>\u00a0(Zaza Buadze),\u00a0<em>Jeste\u015b wszech\u015bwiatem<\/em>\u00a0(Pavlo Ostrikov) i\u00a0<em>Dwie siostry<\/em>\u00a0(\u0141ukasz Karwowski)<\/span><\/p>\n<p><span style=\"font-family: arial, sans-serif;\"><strong>Konkurs dokumentalny<\/strong>\u00a0(10 film\u00f3w) \u2013 m.in.\u00a0<em>\u015acie\u017cka czasu<\/em>\u00a0(Kateryna Gornostai),\u00a0<em>Viktor<\/em>\u00a0(Olivier Sarbil),\u00a0<em>Pie\u015bni p\u0142on\u0105cej ziemi<\/em>\u00a0(Olha Zhurba),\u00a0<em>M\u00f3j drogi Theo<\/em>\u00a0(Alisa Kovalenko),\u00a0<em>2000 metr\u00f3w od Andrijiwki, (Mstyslav Chernov), Sanatorium, (Gar O&#8217;Rourke)<\/em><\/span><\/p>\n<p><span style=\"font-family: arial, sans-serif;\"><strong>Konkurs kr\u00f3tkometra\u017cowy\u00a0<\/strong>25 tytu\u0142\u00f3w, w tym\u00a0<em>Moja szafa<\/em>,\u00a0<em>Drift<\/em>,\u00a0<em>\u017bo\u0142nierzyk<\/em>,\u00a0<em>Jagodowe lato<\/em>,\u00a0<em>W kole<\/em>,\u00a0<em>Inga<\/em>,\u00a0<em>\u017by\u0107 wiecznie<\/em>.<\/span><\/p>\n<p><span style=\"font-family: arial, sans-serif;\"><strong>\u201eJestem Tatark\u0105 Krymsk\u0105\u201d<\/strong>\u00a0\u2013 pokaz film\u00f3w dokumentalnych o losach krymskotatarskich kobiet, po\u0142\u0105czony z dyskusj\u0105<\/span><\/p>\n<p><span style=\"font-family: arial, sans-serif;\"><strong>Retrospektywa O\u0142eksandra Dow\u017cenki<\/strong>\u00a0\u2013\u00a0<em>Zwenyhory<\/em>,\u00a0<em>Teczki kuriera<\/em>\u00a0i\u00a0<em>Jag\u00f3dki mi\u0142o\u015bci<\/em>\u00a0(pokaz fina\u0142owy z muzyk\u0105 The Tiger Lillies)<\/span><\/p>\n<p><span style=\"font-family: arial, sans-serif;\"><strong>Wieczory horroru:<\/strong>\u00a0<em>Morena<\/em>,\u00a0<em>Idealny przyjaciel<\/em>,\u00a0<em>Obiekt Kachowski<\/em><\/span><\/p>\n<p><span style=\"font-family: arial, sans-serif;\"><strong>Pokaz specjalny:<\/strong>\u00a0<em>Malewicz<\/em>\u00a0(Daria Onyshchenko) + wystawa kostium\u00f3w Malewicza<\/span><\/p>\n<p><span style=\"font-family: arial, sans-serif;\"><strong>Performans VR \u201eHierofania Frontline\u201d<\/strong>\u00a0Sebastiana Tomasza P\u0142ocharskiego \u2013 wyj\u0105tkowe do\u015bwiadczenie z linii frontu Ukrainy.<\/span><\/p>\n<p><span style=\"font-family: arial, sans-serif;\"><strong>Pokazy dla dzieci<\/strong>\u00a0\u2013 zestaw bajek i animacji z warsztatami.<\/span><\/p>\n<p><span style=\"font-family: arial, sans-serif;\"><strong>Wystawa plakat\u00f3w z 10 edycji festiwalu<\/strong>.<\/span><\/p>\n<p><strong><span style=\"font-family: arial, sans-serif;\">Spotkania z Tw\u00f3rcami, debata o dezinformacji, panel o produkcji i koprodukcji polsko &#8211; ukrai\u0144skiej,<\/span><\/strong><\/p>\n<p><span style=\"font-family: arial, sans-serif;\"><strong>Zwyci\u0119zcy 9. edycji U!FF:<\/strong><em>\u00a0Redakcja (<\/em>\u00a0Roman Bondarchuk),\u00a0<em>Stepne (<\/em>\u00a0Maryna Vroda) S<em>entymentalna podr\u00f3\u017c na planet\u0119 Parad\u017canow<\/em>\u00a0\u00a0(Taras Tomenko)<\/span><\/p>\n<p><span style=\"font-family: arial, sans-serif;\">oraz masterclass re\u017cyserski, pokaz dla dzieci, wystawa plakat\u00f3w, warsztaty\u00a0kulinarne i debata o dezinformacji.<\/span><\/p>\n<p><span style=\"font-family: arial, sans-serif;\"><img decoding=\"async\" class=\"an1\" draggable=\"false\" src=\"https:\/\/fonts.gstatic.com\/s\/e\/notoemoji\/16.0\/1f449\/72.png\" alt=\"&#x1f449;\" data-emoji=\"&#x1f449;\" aria-label=\"&#x1f449;\" title=\"\">\u00a0Pe\u0142ny program:\u00a0<a href=\"http:\/\/www.ukrainaff.com\/\" target=\"_blank\" rel=\"noopener noreferrer\" data-saferedirecturl=\"https:\/\/www.google.com\/url?q=http:\/\/www.ukrainaff.com&amp;source=gmail&amp;ust=1760280860192000&amp;usg=AOvVaw2Kg7Eh3LahWfw6W1WMPqJS\">www.ukrainaff.com<\/a><\/span><\/p>\n<p>&nbsp;<\/p>\n<p style=\"text-align: center;\"><span style=\"font-family: arial, sans-serif;\">Has\u0142o jubileuszowej edycji:\u00a0<strong>KINO WOLNO\u015aCI!<\/strong><\/span><\/p>\n<p>Zesp\u00f3\u0142 10. Ukraina! Festiwalu Filmowego<\/p>\n<p><a href=\"http:\/\/www.ukrainaff.com\/\" target=\"_blank\" rel=\"noopener noreferrer\" data-saferedirecturl=\"https:\/\/www.google.com\/url?q=http:\/\/www.ukrainaff.com&amp;source=gmail&amp;ust=1760280860192000&amp;usg=AOvVaw2Kg7Eh3LahWfw6W1WMPqJS\">www.ukrainaff.com<\/a><br \/><a href=\"https:\/\/www.facebook.com\/ukrainaff\" target=\"_blank\" rel=\"noopener noreferrer\" data-saferedirecturl=\"https:\/\/www.google.com\/url?q=https:\/\/www.facebook.com\/ukrainaff&amp;source=gmail&amp;ust=1760280860192000&amp;usg=AOvVaw3EI3C3fa33xSj7DkUncZkX\">Facebook<\/a>\u00a0|\u00a0<a href=\"https:\/\/www.instagram.com\/ukrainaff\" target=\"_blank\" rel=\"noopener noreferrer\" data-saferedirecturl=\"https:\/\/www.google.com\/url?q=https:\/\/www.instagram.com\/ukrainaff&amp;source=gmail&amp;ust=1760280860192000&amp;usg=AOvVaw0VkSbGcRQ5eN_dH3ooHNZF\">Instagram<\/a><\/p>\n<\/div>\n<\/div>\n<\/div>\n<p>[\/et_pb_text][et_pb_gallery gallery_ids=&#8221;105528,105532,107318,107308&#8243; _builder_version=&#8221;4.27.4&#8243; _module_preset=&#8221;default&#8221; global_colors_info=&#8221;{}&#8221;][\/et_pb_gallery][\/et_pb_column][\/et_pb_row][\/et_pb_section]<\/p>\n<span class=\"et_bloom_bottom_trigger\"><\/span>","protected":false},"excerpt":{"rendered":"<p>\u0420\u043e\u0437\u043f\u043e\u0447\u0430\u0432\u0441\u044f \u043f\u0440\u043e\u0434\u0430\u0436 \u043a\u0432\u0438\u0442\u043a\u0456\u0432 \u0456 \u0430\u0431\u043e\u043d\u0435\u043c\u0435\u043d\u0442\u0456\u0432<br \/>\n10. \u0423\u043a\u0440\u0430\u0457\u043d\u0430! \u041a\u0456\u043d\u043e\u0444\u0435\u0441\u0442\u0438\u0432\u0430\u043b\u044c<br \/>\n3\u201310 \u043b\u0438\u0441\u0442\u043e\u043f\u0430\u0434\u0430 2025. \u0421\u0432\u044f\u0442\u043a\u0443\u0439 \u0437 \u043d\u0430\u043c\u0438!  <\/p>\n","protected":false},"author":5,"featured_media":111193,"comment_status":"closed","ping_status":"open","sticky":false,"template":"","format":"standard","meta":{"_et_pb_use_builder":"on","_et_pb_old_content":"","_et_gb_content_width":"","footnotes":""},"categories":[741,263],"tags":[749,506,755,748,509,507,750,745],"class_list":["post-112150","post","type-post","status-publish","format-standard","has-post-thumbnail","hentry","category-741","category-263","tag-10edycja","tag-festiwalfilmowy-uk","tag-informacjaprasowa","tag-jubileusz","tag-ukrainafestiwalfilmowy-uk","tag-ukrainaff-uk","tag-10uff","tag-uff-2025"],"_links":{"self":[{"href":"https:\/\/ukrainaff.com\/uk\/wp-json\/wp\/v2\/posts\/112150","targetHints":{"allow":["GET"]}}],"collection":[{"href":"https:\/\/ukrainaff.com\/uk\/wp-json\/wp\/v2\/posts"}],"about":[{"href":"https:\/\/ukrainaff.com\/uk\/wp-json\/wp\/v2\/types\/post"}],"author":[{"embeddable":true,"href":"https:\/\/ukrainaff.com\/uk\/wp-json\/wp\/v2\/users\/5"}],"replies":[{"embeddable":true,"href":"https:\/\/ukrainaff.com\/uk\/wp-json\/wp\/v2\/comments?post=112150"}],"version-history":[{"count":0,"href":"https:\/\/ukrainaff.com\/uk\/wp-json\/wp\/v2\/posts\/112150\/revisions"}],"wp:featuredmedia":[{"embeddable":true,"href":"https:\/\/ukrainaff.com\/uk\/wp-json\/wp\/v2\/media\/111193"}],"wp:attachment":[{"href":"https:\/\/ukrainaff.com\/uk\/wp-json\/wp\/v2\/media?parent=112150"}],"wp:term":[{"taxonomy":"category","embeddable":true,"href":"https:\/\/ukrainaff.com\/uk\/wp-json\/wp\/v2\/categories?post=112150"},{"taxonomy":"post_tag","embeddable":true,"href":"https:\/\/ukrainaff.com\/uk\/wp-json\/wp\/v2\/tags?post=112150"}],"curies":[{"name":"wp","href":"https:\/\/api.w.org\/{rel}","templated":true}]}}